{"id":310,"date":"2014-06-08T17:00:22","date_gmt":"2014-06-08T16:00:22","guid":{"rendered":"http:\/\/trail.orienteering.sk\/?p=310"},"modified":"2014-11-24T11:29:14","modified_gmt":"2014-11-24T10:29:14","slug":"majstrovstva-sveta-2014-taliansko","status":"publish","type":"post","link":"http:\/\/trail.orienteering.sk\/?p=310","title":{"rendered":"Majstrovstv\u00e1 sveta 2014 v Trail-O &#8211; Taliansko"},"content":{"rendered":"<p style=\"text-align: justify;\">Predstavujeme V\u00e1m na\u0161u mal\u00fa v\u00fdpravu, ktor\u00e1 sa z\u00fa\u010dast\u0148uje tohtoro\u010dn\u00fdch Majstrovstiev sveta, ktor\u00e9 sa uskuto\u010dnia za\u010diatkom j\u00fala v Taliansku popri klasick\u00fdch orienta\u010dn\u00fdch MS. Ide o historicky prv\u00fa slovensk\u00fa \u00fa\u010das\u0165 v discipl\u00edne Trail-O. Ideme predov\u0161etk\u00fdm zbiera\u0165 medzin\u00e1rodn\u00e9 sk\u00fasenosti. \u0160\u00e9fom v\u00fdpravy je Du\u0161an Furucz a dopl\u0148uje ho J\u00e1n Furucz. Na\u0161ou hlavnou pr\u00edpravou na toto podujatie\u00a0bolo\u00a0absolvovanie podujat\u00ed\u00a0\u010cesk\u00e9ho poh\u00e1ra v trailov\u00fdch discipl\u00ednach, ktor\u00e9 sa tento rok u\u017e uskuto\u010dnili. Teoretick\u00fa pr\u00edpravu dop\u013a\u0148ame organizovan\u00edm prezenta\u010dn\u00fdch podujat\u00ed na Slovensku. \u00da\u010das\u0165 na Majstrovstv\u00e1ch sveta si komplet financujeme sami, teda na\u0161e rodiny. Z\u00e1rove\u0148 by sme sa chceli po\u010fakova\u0165 predsedn\u00edctvu SZO\u0160, \u017ee n\u00e1m umo\u017enilo\u00a0\u00fa\u010das\u0165 na tomto vrcholnom podujat\u00ed.<\/p>\n<div id=\"attachment_311\" style=\"width: 210px\" class=\"wp-caption aligncenter\"><a href=\"http:\/\/trail.orienteering.sk\/wp-content\/uploads\/2014\/06\/IMG_5924.jpg\"><img loading=\"lazy\" decoding=\"async\" aria-describedby=\"caption-attachment-311\" class=\"wp-image-311 size-medium\" src=\"http:\/\/trail.orienteering.sk\/wp-content\/uploads\/2014\/06\/IMG_5924-200x300.jpg\" alt=\"Reprezent\u00e1cia Slovenska na Majstrovstv\u00e1ch sveta 2014 v Trail-O.\" width=\"200\" height=\"300\" srcset=\"http:\/\/trail.orienteering.sk\/wp-content\/uploads\/2014\/06\/IMG_5924-200x300.jpg 200w, http:\/\/trail.orienteering.sk\/wp-content\/uploads\/2014\/06\/IMG_5924-682x1024.jpg 682w, http:\/\/trail.orienteering.sk\/wp-content\/uploads\/2014\/06\/IMG_5924-560x840.jpg 560w, http:\/\/trail.orienteering.sk\/wp-content\/uploads\/2014\/06\/IMG_5924-260x390.jpg 260w, http:\/\/trail.orienteering.sk\/wp-content\/uploads\/2014\/06\/IMG_5924-160x240.jpg 160w\" sizes=\"auto, (max-width: 200px) 100vw, 200px\" \/><\/a><p id=\"caption-attachment-311\" class=\"wp-caption-text\">Reprezent\u00e1cia Slovenska na Majstrovstv\u00e1ch sveta 2014 v Trail-O. Du\u0161an Furucz (v\u013eavo) a J\u00e1n Furucz (vpravo).<\/p><\/div>\n<p>&nbsp;<\/p>\n<div id=\"attachment_312\" style=\"width: 310px\" class=\"wp-caption aligncenter\"><a href=\"http:\/\/trail.orienteering.sk\/wp-content\/uploads\/2014\/06\/IMG_5926.jpg\"><img loading=\"lazy\" decoding=\"async\" aria-describedby=\"caption-attachment-312\" class=\"wp-image-312 size-medium\" src=\"http:\/\/trail.orienteering.sk\/wp-content\/uploads\/2014\/06\/IMG_5926-300x200.jpg\" alt=\"Na\u0161i sponzori (man\u017eelky)\" width=\"300\" height=\"200\" srcset=\"http:\/\/trail.orienteering.sk\/wp-content\/uploads\/2014\/06\/IMG_5926-300x200.jpg 300w, http:\/\/trail.orienteering.sk\/wp-content\/uploads\/2014\/06\/IMG_5926-1024x682.jpg 1024w, http:\/\/trail.orienteering.sk\/wp-content\/uploads\/2014\/06\/IMG_5926-560x373.jpg 560w, http:\/\/trail.orienteering.sk\/wp-content\/uploads\/2014\/06\/IMG_5926-260x173.jpg 260w, http:\/\/trail.orienteering.sk\/wp-content\/uploads\/2014\/06\/IMG_5926-160x106.jpg 160w\" sizes=\"auto, (max-width: 300px) 100vw, 300px\" \/><\/a><p id=\"caption-attachment-312\" class=\"wp-caption-text\">Spolo\u010dn\u00e1 fotografia s na\u0161imi sponzormi (na\u0161e man\u017eelky)<\/p><\/div>\n","protected":false},"excerpt":{"rendered":"<p>Predstavujeme V\u00e1m na\u0161u mal\u00fa v\u00fdpravu, ktor\u00e1 sa z\u00fa\u010dast\u0148uje tohtoro\u010dn\u00fdch Majstrovstiev sveta, ktor\u00e9 sa uskuto\u010dnia za\u010diatkom j\u00fala v Taliansku popri klasick\u00fdch orienta\u010dn\u00fdch MS. Ide o historicky prv\u00fa slovensk\u00fa \u00fa\u010das\u0165 v discipl\u00edne Trail-O. Ideme predov\u0161etk\u00fdm zbiera\u0165 medzin\u00e1rodn\u00e9 sk\u00fasenosti. \u0160\u00e9fom v\u00fdpravy je Du\u0161an&hellip;<\/p>\n<p class=\"more-link-p\"><a class=\"more-link\" href=\"http:\/\/trail.orienteering.sk\/?p=310\">Read more &rarr;<\/a><\/p>\n","protected":false},"author":1,"featured_media":551,"comment_status":"open","ping_status":"open","sticky":false,"template":"","format":"standard","meta":{"footnotes":""},"categories":[11],"tags":[],"class_list":["post-310","post","type-post","status-publish","format-standard","has-post-thumbnail","hentry","category-majstrovstva-sveta-majstrovstva-europy-europsky-pohar"],"_links":{"self":[{"href":"http:\/\/trail.orienteering.sk\/index.php?rest_route=\/wp\/v2\/posts\/310","targetHints":{"allow":["GET"]}}],"collection":[{"href":"http:\/\/trail.orienteering.sk\/index.php?rest_route=\/wp\/v2\/posts"}],"about":[{"href":"http:\/\/trail.orienteering.sk\/index.php?rest_route=\/wp\/v2\/types\/post"}],"author":[{"embeddable":true,"href":"http:\/\/trail.orienteering.sk\/index.php?rest_route=\/wp\/v2\/users\/1"}],"replies":[{"embeddable":true,"href":"http:\/\/trail.orienteering.sk\/index.php?rest_route=%2Fwp%2Fv2%2Fcomments&post=310"}],"version-history":[{"count":0,"href":"http:\/\/trail.orienteering.sk\/index.php?rest_route=\/wp\/v2\/posts\/310\/revisions"}],"wp:featuredmedia":[{"embeddable":true,"href":"http:\/\/trail.orienteering.sk\/index.php?rest_route=\/wp\/v2\/media\/551"}],"wp:attachment":[{"href":"http:\/\/trail.orienteering.sk\/index.php?rest_route=%2Fwp%2Fv2%2Fmedia&parent=310"}],"wp:term":[{"taxonomy":"category","embeddable":true,"href":"http:\/\/trail.orienteering.sk\/index.php?rest_route=%2Fwp%2Fv2%2Fcategories&post=310"},{"taxonomy":"post_tag","embeddable":true,"href":"http:\/\/trail.orienteering.sk\/index.php?rest_route=%2Fwp%2Fv2%2Ftags&post=310"}],"curies":[{"name":"wp","href":"https:\/\/api.w.org\/{rel}","templated":true}]}}