{"id":308,"date":"2014-06-07T23:19:25","date_gmt":"2014-06-07T22:19:25","guid":{"rendered":"http:\/\/trail.orienteering.sk\/?p=308"},"modified":"2014-12-07T00:31:13","modified_gmt":"2014-12-06T23:31:13","slug":"trail-o-preteky-konane-7-6-2014-v-bratislave","status":"publish","type":"post","link":"http:\/\/trail.orienteering.sk\/?p=308","title":{"rendered":"Trail-O preteky konan\u00e9 7.6.2014 v Bratislave"},"content":{"rendered":"<p>Preteky s\u00fa za nami. R\u00e1d by som sa\u00a0v\u0161etk\u00fdm po\u010fakoval za skvel\u00fa \u00fa\u010das\u0165. Sme radi, \u017ee sme mohli poskytn\u00fa\u0165 priestor pre \u010desk\u00e9 rankingov\u00e9 preteky. Ve\u013ek\u00fa rados\u0165 n\u00e1m urobila komunita hendikepovan\u00fdch \u0161portovcov, ktor\u00e1 si pri\u0161la vysk\u00fa\u0161a\u0165 nov\u00fa discipl\u00ednu, pri\u010dom d\u00fafame, \u017ee spolupr\u00e1cu s nimi budeme rozv\u00edja\u0165 aj na\u010falej.<br \/>\nZ technick\u00e9ho h\u013eadiska evidujeme dva probl\u00e9my:<br \/>\n&#8211;\u00a0probl\u00e9m s\u00a0druhou kontrolou, ktor\u00fa sme na mieste ur\u010denie videli asi len my, tak\u017ee sme ju z v\u00fdsledkov vyl\u00fa\u010dili<br \/>\n&#8211; probl\u00e9m s vidite\u013enos\u0165ou A lampi\u00f3nu (nach\u00e1dzal sa v tieni stromu)\u00a0v klastri kontrol 3,4,5, ktor\u00fd sme ale \u00faspe\u0161ne odstr\u00e1nili tak, aby mali v\u0161etci identick\u00e9 podmienky<br \/>\nD\u00fafam, \u017ee sa V\u00e1m na na\u0161ich pretekoch p\u00e1\u010dilo, a \u017ee n\u00e1s v bud\u00facnosti op\u00e4\u0165 poct\u00edte svojou \u00fa\u010das\u0165ou.<\/p>\n<p>Organiz\u00e1tori<\/p>\n<p>V\u0161etko okolo pretekov n\u00e1jdete na <a title=\"7.6.2014\" href=\"http:\/\/trail.orienteering.sk\/?page_id=44\">ich str\u00e1nkach<\/a>.<\/p>\n","protected":false},"excerpt":{"rendered":"<p>Preteky s\u00fa za nami. R\u00e1d by som sa\u00a0v\u0161etk\u00fdm po\u010fakoval za skvel\u00fa \u00fa\u010das\u0165. Sme radi, \u017ee sme mohli poskytn\u00fa\u0165 priestor pre \u010desk\u00e9 rankingov\u00e9 preteky. Ve\u013ek\u00fa rados\u0165 n\u00e1m urobila komunita hendikepovan\u00fdch \u0161portovcov, ktor\u00e1 si pri\u0161la vysk\u00fa\u0161a\u0165 nov\u00fa discipl\u00ednu, pri\u010dom d\u00fafame, \u017ee spolupr\u00e1cu&hellip;<\/p>\n<p class=\"more-link-p\"><a class=\"more-link\" href=\"http:\/\/trail.orienteering.sk\/?p=308\">Read more &rarr;<\/a><\/p>\n","protected":false},"author":1,"featured_media":0,"comment_status":"open","ping_status":"open","sticky":false,"template":"","format":"standard","meta":{"footnotes":""},"categories":[2],"tags":[],"class_list":["post-308","post","type-post","status-publish","format-standard","hentry","category-domace-preteky"],"_links":{"self":[{"href":"http:\/\/trail.orienteering.sk\/index.php?rest_route=\/wp\/v2\/posts\/308","targetHints":{"allow":["GET"]}}],"collection":[{"href":"http:\/\/trail.orienteering.sk\/index.php?rest_route=\/wp\/v2\/posts"}],"about":[{"href":"http:\/\/trail.orienteering.sk\/index.php?rest_route=\/wp\/v2\/types\/post"}],"author":[{"embeddable":true,"href":"http:\/\/trail.orienteering.sk\/index.php?rest_route=\/wp\/v2\/users\/1"}],"replies":[{"embeddable":true,"href":"http:\/\/trail.orienteering.sk\/index.php?rest_route=%2Fwp%2Fv2%2Fcomments&post=308"}],"version-history":[{"count":0,"href":"http:\/\/trail.orienteering.sk\/index.php?rest_route=\/wp\/v2\/posts\/308\/revisions"}],"wp:attachment":[{"href":"http:\/\/trail.orienteering.sk\/index.php?rest_route=%2Fwp%2Fv2%2Fmedia&parent=308"}],"wp:term":[{"taxonomy":"category","embeddable":true,"href":"http:\/\/trail.orienteering.sk\/index.php?rest_route=%2Fwp%2Fv2%2Fcategories&post=308"},{"taxonomy":"post_tag","embeddable":true,"href":"http:\/\/trail.orienteering.sk\/index.php?rest_route=%2Fwp%2Fv2%2Ftags&post=308"}],"curies":[{"name":"wp","href":"https:\/\/api.w.org\/{rel}","templated":true}]}}