{"id":2211,"date":"2019-03-28T11:35:24","date_gmt":"2019-03-28T10:35:24","guid":{"rendered":"http:\/\/trail.orienteering.sk\/?p=2211"},"modified":"2019-03-28T11:35:24","modified_gmt":"2019-03-28T10:35:24","slug":"nominacia-na-ms2019-v-portugalsku-bola-schvalena","status":"publish","type":"post","link":"http:\/\/trail.orienteering.sk\/?p=2211","title":{"rendered":"Nomin\u00e1cia na MS2019 v Portugalsku bola schv\u00e1len\u00e1"},"content":{"rendered":"\n<p>Nako\u013eko sa nomina\u010dn\u00fd rebr\u00ed\u010dek vykry\u0161talizoval u\u017e pred z\u00e1vere\u010dn\u00fdm dvojkolom, pripravil som n\u00e1vrh nomin\u00e1cie, ktor\u00fd bol schv\u00e1len\u00fd sekciou Presnej orient\u00e1cie a tie\u017e na v\u010deraj\u0161om predsedn\u00edctve.<\/p>\n\n\n\n<p>Na majstrovstv\u00e1ch sveta n\u00e1s bud\u00fa reprezentova\u0165 v obidvoch individu\u00e1lnych discipl\u00ednach t\u00edto \u0161portovci:<\/p>\n\n\n\n<ul class=\"wp-block-list\"><li>J\u00e1n Furucz (FBA)<\/li><li>Du\u0161an Furucz (FBA)<\/li><li>Pavol Bukovac (FBA)<\/li><li>\u0160imon Mi\u017e\u00far (FBA)<\/li><\/ul>\n\n\n\n<p>Pre \u0160imona je to absol\u00fatna premi\u00e9ra na MS, Pa\u013eo bude ma\u0165 premi\u00e9ru v discipl\u00edne PreO. \u0160tafety bud\u00fa fin\u00e1lne potvrden\u00e9 a\u017e na mieste, ale predbe\u017ene to vyzer\u00e1 na Pa\u013ea, Du\u0161ana a m\u0148a.<\/p>\n\n\n\n<p>Majstrovstv\u00e1 sa uskuto\u010dnia v n\u00e1dhern\u00fdch kamenist\u00fdch ter\u00e9noch pri mest\u00e1ch Idanha-a-Nova a Monsanto v Portugalsku.<\/p>\n\n\n\n<p>Viacej inform\u00e1ci\u00ed o \u0161ampion\u00e1te m\u00f4\u017eete sledova\u0165 na str\u00e1nkach  <br \/><a href=\"http:\/\/wtoc2019.fpo.pt\/\" target=\"_blank\" rel=\"noreferrer noopener\" aria-label=\" (otvor\u00ed sa v novej karte)\">http:\/\/wtoc2019.fpo.pt\/<\/a> <\/p>\n\n\n\n<p><a href=\"http:\/\/trail.orienteering.sk\/wp-content\/uploads\/2019\/03\/Nominacia_WTOC_2019.pdf\" target=\"_blank\" rel=\"noreferrer noopener\" aria-label=\"Tu n\u00e1jdete schv\u00e1len\u00fd dokument s nomin\u00e1ciou. (otvor\u00ed sa v novej karte)\">Tu n\u00e1jdete schv\u00e1len\u00fd dokument s nomin\u00e1ciou.<\/a><\/p>\n","protected":false},"excerpt":{"rendered":"<p>Nako\u013eko sa nomina\u010dn\u00fd rebr\u00ed\u010dek vykry\u0161talizoval u\u017e pred z\u00e1vere\u010dn\u00fdm dvojkolom, pripravil som n\u00e1vrh nomin\u00e1cie, ktor\u00fd bol schv\u00e1len\u00fd sekciou Presnej orient\u00e1cie a tie\u017e na v\u010deraj\u0161om predsedn\u00edctve. Na majstrovstv\u00e1ch sveta n\u00e1s bud\u00fa reprezentova\u0165 v obidvoch individu\u00e1lnych discipl\u00ednach t\u00edto \u0161portovci: J\u00e1n Furucz (FBA) Du\u0161an&hellip;<\/p>\n<p class=\"more-link-p\"><a class=\"more-link\" href=\"http:\/\/trail.orienteering.sk\/?p=2211\">Read more &rarr;<\/a><\/p>\n","protected":false},"author":1,"featured_media":2214,"comment_status":"open","ping_status":"open","sticky":false,"template":"","format":"standard","meta":{"footnotes":""},"categories":[11,41],"tags":[],"class_list":["post-2211","post","type-post","status-publish","format-standard","has-post-thumbnail","hentry","category-majstrovstva-sveta-majstrovstva-europy-europsky-pohar","category-reprezentacia"],"_links":{"self":[{"href":"http:\/\/trail.orienteering.sk\/index.php?rest_route=\/wp\/v2\/posts\/2211","targetHints":{"allow":["GET"]}}],"collection":[{"href":"http:\/\/trail.orienteering.sk\/index.php?rest_route=\/wp\/v2\/posts"}],"about":[{"href":"http:\/\/trail.orienteering.sk\/index.php?rest_route=\/wp\/v2\/types\/post"}],"author":[{"embeddable":true,"href":"http:\/\/trail.orienteering.sk\/index.php?rest_route=\/wp\/v2\/users\/1"}],"replies":[{"embeddable":true,"href":"http:\/\/trail.orienteering.sk\/index.php?rest_route=%2Fwp%2Fv2%2Fcomments&post=2211"}],"version-history":[{"count":0,"href":"http:\/\/trail.orienteering.sk\/index.php?rest_route=\/wp\/v2\/posts\/2211\/revisions"}],"wp:featuredmedia":[{"embeddable":true,"href":"http:\/\/trail.orienteering.sk\/index.php?rest_route=\/wp\/v2\/media\/2214"}],"wp:attachment":[{"href":"http:\/\/trail.orienteering.sk\/index.php?rest_route=%2Fwp%2Fv2%2Fmedia&parent=2211"}],"wp:term":[{"taxonomy":"category","embeddable":true,"href":"http:\/\/trail.orienteering.sk\/index.php?rest_route=%2Fwp%2Fv2%2Fcategories&post=2211"},{"taxonomy":"post_tag","embeddable":true,"href":"http:\/\/trail.orienteering.sk\/index.php?rest_route=%2Fwp%2Fv2%2Ftags&post=2211"}],"curies":[{"name":"wp","href":"https:\/\/api.w.org\/{rel}","templated":true}]}}