{"id":1817,"date":"2016-08-30T13:27:27","date_gmt":"2016-08-30T12:27:27","guid":{"rendered":"http:\/\/trail.orienteering.sk\/?p=1817"},"modified":"2017-02-07T13:49:53","modified_gmt":"2017-02-07T12:49:53","slug":"majstrovstva-sveta-2016-svedsko-mame-zlato-zo-stafiet","status":"publish","type":"post","link":"http:\/\/trail.orienteering.sk\/?p=1817","title":{"rendered":"Majstrovstv\u00e1 sveta 2016 &#8211; \u0160v\u00e9dsko &#8211; m\u00e1me zlato zo \u0161tafiet"},"content":{"rendered":"<p>Slovensk\u00e1 \u0161tafeta v zlo\u017een\u00ed Mari\u00e1n Miklu\u0161, Du\u0161an Furucz a J\u00e1n Furucz z\u00edskala zlat\u00e9 medaily a titul Majstrov sveta.<\/p>\n<p>&nbsp;<\/p>\n<p><span lang=\"SK\"><span style=\"color: #000000; font-family: Calibri; font-size: medium;\">Slovensko \u00faspe\u0161ne tvorilo hist\u00f3riu na \u010falekom severe vo \u0160v\u00e9dsku na pr\u00e1ve skon\u010den\u00fdch Majstrovstv\u00e1ch sveta v Presnej Orient\u00e1cii, ktor\u00e9 boli s\u00fa\u010das\u0165ou Majstrovstiev Sveta v Orienta\u010dnom behu v okol\u00ed miest Str\u00f6mstad a Tanum. V novej discipl\u00edne \u0161tafety, ktor\u00e1 nahradila predch\u00e1dzaj\u00facu s\u00fa\u0165a\u017e dru\u017estiev, sa slovensk\u00e1 \u0161tafeta v zlo\u017een\u00ed Mari\u00e1n Miklu\u0161, Du\u0161an Furucz a J\u00e1n Furucz stala historicky prv\u00fdm Majstrom Sveta v tejto discipl\u00edne pred Portugalskom a F\u00ednskom. Z\u00e1klad \u00faspechu sa za\u010dal rodi\u0165 u\u017e na prvom \u00faseku kde Mari\u00e1n Miklu\u0161 bezchybn\u00fdm v\u00fdkonom v PreO \u010dasti a n\u00e1sledne aj bezchybn\u00fdm absolvovan\u00edm \u010dasovej kontroly v \u010dase 51 sek\u00fand dostal na prv\u00e9 miesto. Du\u0161an Furucz pokra\u010doval v rovnakom v\u00fdkone a najr\u00fdchlej\u0161ou \u010dasovou kontrolou na \u00faseku (31 sek\u00fand \u2013 tret\u00ed najr\u00fdchlej\u0161\u00ed \u010das celkovo) vyhral tento \u00fasek a jasne poistil vedenie Slovenska pred poslednou \u010das\u0165ou. J\u00e1n Furucz u\u017e nepustil pon\u00faknut\u00fa pr\u00edle\u017eitos\u0165 z r\u00fak a bezchybn\u00fdm v\u00fdkonom v PreO \u010dasti tak ostal len n\u00e1\u0161 a portugalsk\u00fd t\u00edm bez penaliz\u00e1cie v hlavnej \u010dasti trate Presnej Orient\u00e1cie. Dokonca na \u010dasovej kontrole najr\u00fdchlej\u0161\u00edm \u010dasom d\u0148a (20 sek\u00fand) nav\u00fd\u0161il vedenie Slovenska na kone\u010dn\u00fdch 91 sek\u00fand pred Portugalskom a 111 sek\u00fand pred F\u00ednskom. Na \u0161v\u00e9dskej n\u00e1hornej planine Tolvmanstegen medzi vetern\u00fdmi elektr\u00e1r\u0148ami si tak mohli fan\u00fa\u0161ikovia orienta\u010dn\u00e9ho behu z cel\u00e9ho sveta vypo\u010du\u0165 pr\u00e1ve na\u0161u slovensk\u00fa hymnu.<\/span><\/span><\/p>\n<p>&nbsp;<\/p>\n<p>\u201cImages: Joaquim Margarido \/ www.portugueseorienteeringblog.blogspot.com&#8220;<\/p>\n<p><a href=\"http:\/\/trail.orienteering.sk\/wp-content\/uploads\/2016\/08\/IMG_2250.jpg\"><img loading=\"lazy\" decoding=\"async\" class=\"aligncenter size-medium wp-image-1831\" src=\"http:\/\/trail.orienteering.sk\/wp-content\/uploads\/2016\/08\/IMG_2250-300x200.jpg\" alt=\"IMG_2250\" width=\"300\" height=\"200\" srcset=\"http:\/\/trail.orienteering.sk\/wp-content\/uploads\/2016\/08\/IMG_2250-300x200.jpg 300w, http:\/\/trail.orienteering.sk\/wp-content\/uploads\/2016\/08\/IMG_2250-768x512.jpg 768w, http:\/\/trail.orienteering.sk\/wp-content\/uploads\/2016\/08\/IMG_2250-1024x682.jpg 1024w, http:\/\/trail.orienteering.sk\/wp-content\/uploads\/2016\/08\/IMG_2250-560x373.jpg 560w, http:\/\/trail.orienteering.sk\/wp-content\/uploads\/2016\/08\/IMG_2250-260x173.jpg 260w, http:\/\/trail.orienteering.sk\/wp-content\/uploads\/2016\/08\/IMG_2250-160x107.jpg 160w, http:\/\/trail.orienteering.sk\/wp-content\/uploads\/2016\/08\/IMG_2250.jpg 1688w\" sizes=\"auto, (max-width: 300px) 100vw, 300px\" \/><\/a><\/p>\n<p><a href=\"http:\/\/trail.orienteering.sk\/wp-content\/uploads\/2016\/08\/IMG_4699.jpg\"><img loading=\"lazy\" decoding=\"async\" class=\"aligncenter size-medium wp-image-1830\" src=\"http:\/\/trail.orienteering.sk\/wp-content\/uploads\/2016\/08\/IMG_4699-300x200.jpg\" alt=\"IMG_4699\" width=\"300\" height=\"200\" srcset=\"http:\/\/trail.orienteering.sk\/wp-content\/uploads\/2016\/08\/IMG_4699-300x200.jpg 300w, http:\/\/trail.orienteering.sk\/wp-content\/uploads\/2016\/08\/IMG_4699-768x512.jpg 768w, http:\/\/trail.orienteering.sk\/wp-content\/uploads\/2016\/08\/IMG_4699-1024x682.jpg 1024w, http:\/\/trail.orienteering.sk\/wp-content\/uploads\/2016\/08\/IMG_4699-560x373.jpg 560w, http:\/\/trail.orienteering.sk\/wp-content\/uploads\/2016\/08\/IMG_4699-260x173.jpg 260w, http:\/\/trail.orienteering.sk\/wp-content\/uploads\/2016\/08\/IMG_4699-160x107.jpg 160w, http:\/\/trail.orienteering.sk\/wp-content\/uploads\/2016\/08\/IMG_4699.jpg 1600w\" sizes=\"auto, (max-width: 300px) 100vw, 300px\" \/><\/a><\/p>\n<p><a href=\"http:\/\/trail.orienteering.sk\/wp-content\/uploads\/2016\/08\/IMG_2419.jpg\"><img loading=\"lazy\" decoding=\"async\" class=\"aligncenter size-medium wp-image-1832\" src=\"http:\/\/trail.orienteering.sk\/wp-content\/uploads\/2016\/08\/IMG_2419-300x200.jpg\" alt=\"IMG_2419\" width=\"300\" height=\"200\" srcset=\"http:\/\/trail.orienteering.sk\/wp-content\/uploads\/2016\/08\/IMG_2419-300x200.jpg 300w, http:\/\/trail.orienteering.sk\/wp-content\/uploads\/2016\/08\/IMG_2419-768x512.jpg 768w, http:\/\/trail.orienteering.sk\/wp-content\/uploads\/2016\/08\/IMG_2419-1024x682.jpg 1024w, http:\/\/trail.orienteering.sk\/wp-content\/uploads\/2016\/08\/IMG_2419-560x373.jpg 560w, http:\/\/trail.orienteering.sk\/wp-content\/uploads\/2016\/08\/IMG_2419-260x173.jpg 260w, http:\/\/trail.orienteering.sk\/wp-content\/uploads\/2016\/08\/IMG_2419-160x107.jpg 160w, http:\/\/trail.orienteering.sk\/wp-content\/uploads\/2016\/08\/IMG_2419.jpg 1688w\" sizes=\"auto, (max-width: 300px) 100vw, 300px\" \/><\/a><\/p>\n<p>&nbsp;<\/p>\n<p><a href=\"https:\/\/www.facebook.com\/bohuslav.hulka\/videos\/10202287720830446\/\">Video z odovzd\u00e1vania medail\u00ed<\/a>.<\/p>\n<p><a href=\"https:\/\/www.facebook.com\/bohuslav.hulka\/videos\/10202286865809071\/\">Video z poslednej TempO kontroly<\/a><\/p>\n<p>&nbsp;<\/p>\n","protected":false},"excerpt":{"rendered":"<p>Slovensk\u00e1 \u0161tafeta v zlo\u017een\u00ed Mari\u00e1n Miklu\u0161, Du\u0161an Furucz a J\u00e1n Furucz z\u00edskala zlat\u00e9 medaily a titul Majstrov sveta. &nbsp; Slovensko \u00faspe\u0161ne tvorilo hist\u00f3riu na \u010falekom severe vo \u0160v\u00e9dsku na pr\u00e1ve skon\u010den\u00fdch Majstrovstv\u00e1ch sveta v Presnej Orient\u00e1cii, ktor\u00e9 boli s\u00fa\u010das\u0165ou Majstrovstiev&hellip;<\/p>\n<p class=\"more-link-p\"><a class=\"more-link\" href=\"http:\/\/trail.orienteering.sk\/?p=1817\">Read more &rarr;<\/a><\/p>\n","protected":false},"author":1,"featured_media":0,"comment_status":"open","ping_status":"open","sticky":false,"template":"","format":"standard","meta":{"footnotes":""},"categories":[10,41],"tags":[],"class_list":["post-1817","post","type-post","status-publish","format-standard","hentry","category-po","category-reprezentacia"],"_links":{"self":[{"href":"http:\/\/trail.orienteering.sk\/index.php?rest_route=\/wp\/v2\/posts\/1817","targetHints":{"allow":["GET"]}}],"collection":[{"href":"http:\/\/trail.orienteering.sk\/index.php?rest_route=\/wp\/v2\/posts"}],"about":[{"href":"http:\/\/trail.orienteering.sk\/index.php?rest_route=\/wp\/v2\/types\/post"}],"author":[{"embeddable":true,"href":"http:\/\/trail.orienteering.sk\/index.php?rest_route=\/wp\/v2\/users\/1"}],"replies":[{"embeddable":true,"href":"http:\/\/trail.orienteering.sk\/index.php?rest_route=%2Fwp%2Fv2%2Fcomments&post=1817"}],"version-history":[{"count":0,"href":"http:\/\/trail.orienteering.sk\/index.php?rest_route=\/wp\/v2\/posts\/1817\/revisions"}],"wp:attachment":[{"href":"http:\/\/trail.orienteering.sk\/index.php?rest_route=%2Fwp%2Fv2%2Fmedia&parent=1817"}],"wp:term":[{"taxonomy":"category","embeddable":true,"href":"http:\/\/trail.orienteering.sk\/index.php?rest_route=%2Fwp%2Fv2%2Fcategories&post=1817"},{"taxonomy":"post_tag","embeddable":true,"href":"http:\/\/trail.orienteering.sk\/index.php?rest_route=%2Fwp%2Fv2%2Ftags&post=1817"}],"curies":[{"name":"wp","href":"https:\/\/api.w.org\/{rel}","templated":true}]}}