{"id":1697,"date":"2016-06-16T08:45:25","date_gmt":"2016-06-16T07:45:25","guid":{"rendered":"http:\/\/trail.orienteering.sk\/?p=1697"},"modified":"2017-02-07T13:50:25","modified_gmt":"2017-02-07T12:50:25","slug":"me-2016-v-presnej-orientacii-ceska-republika","status":"publish","type":"post","link":"http:\/\/trail.orienteering.sk\/?p=1697","title":{"rendered":"ME 2016 v presnej orient\u00e1cii &#8211; \u010cesk\u00e1 republika"},"content":{"rendered":"<p style=\"text-align: justify;\">Prv\u00e9 z vrcholn\u00fdch medzin\u00e1rodn\u00fdch podujat\u00ed sa konalo v \u010ceskej republike. Majstrovstv\u00e1 Eur\u00f3py sa n\u00e1m nadmieru vydarili, ke\u010f sme z\u00edskali dve bronzov\u00e9 medaily v \u0161tafet\u00e1ch a v TempO.<\/p>\n<p style=\"text-align: justify;\">Prv\u00fdmi pretekmi ME boli \u0161tafety. Z\u00fa\u010dastnili sme sa ich s dvoma \u0161tafetami, pri\u010dom jedna predstavovalo sk\u00fasenos\u0165 a druh\u00e1 drav\u00fa mlados\u0165. Sk\u00fasenos\u0165 s\u00edce zv\u00ed\u0165azila, ale bolo to len ve\u013emi tesn\u00e9. \u0160tafeta v zlo\u017een\u00ed Mari\u00e1n Miklu\u0161, J\u00e1n Furucz a Du\u0161an Furucz z\u00edskala \u00fa\u017easn\u00fa bronzov\u00fa medailu. Druh\u00e1 \u0161tafeta v zlo\u017een\u00ed Tereza Miklu\u0161ov\u00e1, Pavol Bukov\u00e1c a \u0160imon Mi\u017e\u00far obsadila v\u00fdborn\u00e9 delen\u00e9 7. miesto v neredukovanom porad\u00ed v konkurencii 26 \u0161tafiet.<\/p>\n<p style=\"text-align: justify;\">\u010eal\u0161ou discipl\u00ednou bolo dynamick\u00e9 TempO. Cez br\u00e1ny kvalifik\u00e1cie sa podarilo prejs\u0165 dvom pretek\u00e1rom. J\u00e1novi Furuczovi a tentokr\u00e1t len tesne Du\u0161anovi Furuczovi. Tesne pred br\u00e1nami fin\u00e1le (postupovalo 18. pretek\u00e1rov) zostali 20. Pavol Bukov\u00e1c a Tereza Miklu\u0161ov\u00e1, 22. Mari\u00e1n Miklu\u0161. 30. miesto obsadil \u0160imon Mi\u017e\u00far. Vo fin\u00e1le sa najviac darilo J\u00e1novi Furuczovi, ktor\u00fd z\u00edskal bronzov\u00fa medailu. Du\u0161anovi sa darilo menej, ke\u010f obsadil kone\u010dn\u00e9 31. miesto.<\/p>\n<p style=\"text-align: justify;\">Poslednou discipl\u00ednou ME bolo PreO. Ako u\u017e tradi\u010dne, v tejto discipl\u00edne sa n\u00e1m dar\u00ed v\u00fdrazne menej a st\u00e1le sme nepri\u0161lo na to pre\u010do. Po prvom dni sa nach\u00e1dzame na nelichotiv\u00fdch umiestneniach, ke\u010f sk\u00fasen\u00fdch pretek\u00e1rov por\u00e1\u017eaj\u00fa na\u0161i n\u00e1dejn\u00ed mla\u010fasi. V kateg\u00f3rii Open obsadzujeme tieto umiestnenia: 36. \u0160imon Mi\u017e\u00far, 44. Tereza Miklu\u0161ov\u00e1, 47. Mari\u00e1n Miklu\u0161 a J\u00e1n Furucz, 57. Du\u0161an Furucz a 71. Tamara Miklu\u0161ov\u00e1. V kateg\u00f3rii Para je Silvia Petruchov\u00e1 32. Cie\u013e pred druh\u00fdm d\u0148om je jasn\u00fd. Pok\u00fasi\u0165 sa o rehabilit\u00e1ciu a uk\u00e1za\u0165, \u017ee vieme zabojova\u0165 aj v tento discipl\u00edne. Obrat sa v\u00fdrazne dar\u00ed Du\u0161anovi, ke\u010f druh\u00fd de\u0148 vyhr\u00e1va, \u010do ho vyn\u00e1\u0161a na celkov\u00e9 18. miesto, polep\u0161uje si aj J\u00e1n Furucz, ke\u010f obsadzuje kone\u010dn\u00e9 24. miesto. 42. je Mari\u00e1n Miklu\u0161, 48. Tereza Miklu\u0161ov\u00e1, 54. \u0160imon Mi\u017e\u00far a 80. Tamara Miklu\u0161ov\u00e1. V kateg\u00f3rii Para kone\u010dn\u00e9 30. miesto obsadzuje Silvia Petruchov\u00e1.<\/p>\n<p style=\"text-align: justify;\">Ak\u00e9 je z\u00e1vere\u010dn\u00e9 hodnotenie. Sme ve\u013emi radi, \u017ee sme z\u00edskali dve bronzov\u00e9 medaily. Realisticky sme sa videli niekde okolo prvej desiatky, tak\u017ee medaily boli pre n\u00e1s pr\u00edjemn\u00fdm prekvapen\u00edm. St\u00e1le prekvapuj\u00faco napr\u00e1zdno bojujeme v discipl\u00edne PreO, kde m\u00e1me probl\u00e9m z\u00e1js\u0165 vyrovnane obidva preteky, \u010do zatia\u013e znamen\u00e1 len priemern\u00e9 v\u00fdsledky na konci prvej dvadsiatky. Pevne ver\u00edm, \u017ee zmena nastane u\u017e \u010doskoro napr. na MS vo \u0160v\u00e9dsku, \u010do je n\u00e1\u0161 najbli\u017e\u0161\u00ed cie\u013e.<\/p>\n","protected":false},"excerpt":{"rendered":"<p>Prv\u00e9 z vrcholn\u00fdch medzin\u00e1rodn\u00fdch podujat\u00ed sa konalo v \u010ceskej republike. Majstrovstv\u00e1 Eur\u00f3py sa n\u00e1m nadmieru vydarili, ke\u010f sme z\u00edskali dve bronzov\u00e9 medaily v \u0161tafet\u00e1ch a v TempO. Prv\u00fdmi pretekmi ME boli \u0161tafety. Z\u00fa\u010dastnili sme sa ich s dvoma \u0161tafetami, pri\u010dom&hellip;<\/p>\n<p class=\"more-link-p\"><a class=\"more-link\" href=\"http:\/\/trail.orienteering.sk\/?p=1697\">Read more &rarr;<\/a><\/p>\n","protected":false},"author":1,"featured_media":0,"comment_status":"open","ping_status":"open","sticky":false,"template":"","format":"standard","meta":{"footnotes":""},"categories":[11,10,41],"tags":[],"class_list":["post-1697","post","type-post","status-publish","format-standard","hentry","category-majstrovstva-sveta-majstrovstva-europy-europsky-pohar","category-po","category-reprezentacia"],"_links":{"self":[{"href":"http:\/\/trail.orienteering.sk\/index.php?rest_route=\/wp\/v2\/posts\/1697","targetHints":{"allow":["GET"]}}],"collection":[{"href":"http:\/\/trail.orienteering.sk\/index.php?rest_route=\/wp\/v2\/posts"}],"about":[{"href":"http:\/\/trail.orienteering.sk\/index.php?rest_route=\/wp\/v2\/types\/post"}],"author":[{"embeddable":true,"href":"http:\/\/trail.orienteering.sk\/index.php?rest_route=\/wp\/v2\/users\/1"}],"replies":[{"embeddable":true,"href":"http:\/\/trail.orienteering.sk\/index.php?rest_route=%2Fwp%2Fv2%2Fcomments&post=1697"}],"version-history":[{"count":0,"href":"http:\/\/trail.orienteering.sk\/index.php?rest_route=\/wp\/v2\/posts\/1697\/revisions"}],"wp:attachment":[{"href":"http:\/\/trail.orienteering.sk\/index.php?rest_route=%2Fwp%2Fv2%2Fmedia&parent=1697"}],"wp:term":[{"taxonomy":"category","embeddable":true,"href":"http:\/\/trail.orienteering.sk\/index.php?rest_route=%2Fwp%2Fv2%2Fcategories&post=1697"},{"taxonomy":"post_tag","embeddable":true,"href":"http:\/\/trail.orienteering.sk\/index.php?rest_route=%2Fwp%2Fv2%2Ftags&post=1697"}],"curies":[{"name":"wp","href":"https:\/\/api.w.org\/{rel}","templated":true}]}}