{"id":1478,"date":"2016-02-10T23:39:06","date_gmt":"2016-02-10T22:39:06","guid":{"rendered":"http:\/\/trail.orienteering.sk\/?p=1478"},"modified":"2016-02-10T23:42:46","modified_gmt":"2016-02-10T22:42:46","slug":"orienteering-world-2015","status":"publish","type":"post","link":"http:\/\/trail.orienteering.sk\/?p=1478","title":{"rendered":"Orienteering World 2015"},"content":{"rendered":"<p>Zatia\u013e je st\u00e1le \u010das pr\u00edprav na nov\u00fa sez\u00f3nu, ale\u00a0aj tak sa z \u010dasu na \u010das objavuj\u00fa slovensk\u00e9 men\u00e1 v r\u00f4znych medi\u00e1ch. Dnes prip\u00e1jam odkaz na str\u00e1nky <a href=\"http:\/\/orienteering.org\/orienteering-world-2015\/\">IOF<\/a> kde sa nach\u00e1dza nov\u00e9 \u010d\u00edslo \u010dasopisu Orienteering World 2015 v <a href=\"http:\/\/orienteering.org\/wp-content\/uploads\/2016\/02\/iof_orienteering_world_w3.pdf\">pdf<\/a> verzii.<\/p>\n<p>Na str\u00e1nkach 28-29 je s\u00fahrn sez\u00f3ny v Presnej orient\u00e1cii. Popri fotke\u00a0Janka Furucza z posledn\u00e9ho stanoviska kvalifik\u00e1cie discipl\u00edny TempO z\u00a0Majstrovstiev Sveta v Chorv\u00e1tsku kde nakoniec z\u00edskal vo fin\u00e1le strieborn\u00fa medailu sa spom\u00edna toto jeho umiestnenie a\u00a0je aj uveden\u00fd ako v\u00ed\u0165az prest\u00ed\u017eneho\u00a0Chorv\u00e1tsko-Taliansko-Slovinsk\u00e9ho poh\u00e1ra\u00a0za rok 2015.\u00a0A tie\u017e sa tu kr\u00e1tko zmienili o historicky prv\u00fdch Majstrovstv\u00e1ch Slovenska v Presnej orient\u00e1cii v Borskom Mikul\u00e1\u0161i.<\/p>\n<p>Na \u010fal\u0161\u00edch str\u00e1nkach sa spom\u00edna nezanedbaten\u00fd \u00a0pr\u00ednos osobn\u00fdch asistentov pre \u00faspech v kateg\u00f3rii PARA a o\u010dak\u00e1vania od novej discipl\u00edny \u0160tafety, ktor\u00e9 tento rok nahradia s\u00fa\u0165a\u017e dru\u017estiev.<\/p>\n","protected":false},"excerpt":{"rendered":"<p>Zatia\u013e je st\u00e1le \u010das pr\u00edprav na nov\u00fa sez\u00f3nu, ale\u00a0aj tak sa z \u010dasu na \u010das objavuj\u00fa slovensk\u00e9 men\u00e1 v r\u00f4znych medi\u00e1ch. Dnes prip\u00e1jam odkaz na str\u00e1nky IOF kde sa nach\u00e1dza nov\u00e9 \u010d\u00edslo \u010dasopisu Orienteering World 2015 v pdf verzii. Na&hellip;<\/p>\n<p class=\"more-link-p\"><a class=\"more-link\" href=\"http:\/\/trail.orienteering.sk\/?p=1478\">Read more &rarr;<\/a><\/p>\n","protected":false},"author":2,"featured_media":0,"comment_status":"open","ping_status":"open","sticky":false,"template":"","format":"standard","meta":{"footnotes":""},"categories":[10],"tags":[],"class_list":["post-1478","post","type-post","status-publish","format-standard","hentry","category-po"],"_links":{"self":[{"href":"http:\/\/trail.orienteering.sk\/index.php?rest_route=\/wp\/v2\/posts\/1478","targetHints":{"allow":["GET"]}}],"collection":[{"href":"http:\/\/trail.orienteering.sk\/index.php?rest_route=\/wp\/v2\/posts"}],"about":[{"href":"http:\/\/trail.orienteering.sk\/index.php?rest_route=\/wp\/v2\/types\/post"}],"author":[{"embeddable":true,"href":"http:\/\/trail.orienteering.sk\/index.php?rest_route=\/wp\/v2\/users\/2"}],"replies":[{"embeddable":true,"href":"http:\/\/trail.orienteering.sk\/index.php?rest_route=%2Fwp%2Fv2%2Fcomments&post=1478"}],"version-history":[{"count":0,"href":"http:\/\/trail.orienteering.sk\/index.php?rest_route=\/wp\/v2\/posts\/1478\/revisions"}],"wp:attachment":[{"href":"http:\/\/trail.orienteering.sk\/index.php?rest_route=%2Fwp%2Fv2%2Fmedia&parent=1478"}],"wp:term":[{"taxonomy":"category","embeddable":true,"href":"http:\/\/trail.orienteering.sk\/index.php?rest_route=%2Fwp%2Fv2%2Fcategories&post=1478"},{"taxonomy":"post_tag","embeddable":true,"href":"http:\/\/trail.orienteering.sk\/index.php?rest_route=%2Fwp%2Fv2%2Ftags&post=1478"}],"curies":[{"name":"wp","href":"https:\/\/api.w.org\/{rel}","templated":true}]}}