{"id":1431,"date":"2016-01-30T23:36:41","date_gmt":"2016-01-30T22:36:41","guid":{"rendered":"http:\/\/trail.orienteering.sk\/?p=1431"},"modified":"2017-02-07T13:51:01","modified_gmt":"2017-02-07T12:51:01","slug":"reprezentacia-presnej-orientacie-vyhodnotenie-sezony-2015","status":"publish","type":"post","link":"http:\/\/trail.orienteering.sk\/?p=1431","title":{"rendered":"Reprezent\u00e1cia Presnej Orient\u00e1cie &#8211; Vyhodnotenie sez\u00f3ny 2015"},"content":{"rendered":"<p><strong>Reprezenta\u010dn\u00fd v\u00fdber SR v Presnej Orient\u00e1cii pre rok 2015 (RV):<\/strong><\/p>\n<p>V\u00fdber A \u2013 nikto v\u00fdber B: Du\u0161an Furucz (FBA) \u2013 OPEN, J\u00e1n Furucz (FBA) \u2013 OPEN Sledovan\u00ed pretek\u00e1ri: Mari\u00e1n Miklu\u0161 (RBA) \u2013 OPEN, Silvia Petruchov\u00e1 (FBA) \u2013 PARA<\/p>\n<p>Realiza\u010dn\u00fd t\u00edm: Du\u0161an Furucz<\/p>\n<p>&nbsp;<\/p>\n<p><strong>Vrcholn\u00e9 preteky sez\u00f3ny:<\/strong><\/p>\n<p><u>Majstrovstv\u00e1 sveta v Presnej Orient\u00e1cii (<\/u><a href=\"http:\/\/www.wtoc2015.org\/\"><u>WTOC<\/u><\/a><u>),\u00a0 22.<\/u><u>\u2010<\/u><u>28.6.2015, Zahreb, Chorv\u00e1tsko<\/u><\/p>\n<p>Na z\u00e1klade splnenia nomina\u010dn\u00fdch krit\u00e9ri\u00ed sa MS z\u00fa\u010dastnili pretek\u00e1ri Du\u0161an Furucz (FBA), J\u00e1n Furucz (FBA) a Silvia Petruchov\u00e1 (FBA). Ved\u00facim v\u00fdpravy bol Du\u0161an Furucz.<\/p>\n<p>Napriek len za\u010diatkom v\u00a0tejto pre n\u00e1s relat\u00edvne mladej \u0161portovej discipl\u00edne a\u00a0nedostatku sk\u00fasenost\u00ed sme si za posledn\u00e9 dva roky vybojovali pozornos\u0165 ostatn\u00fdch kraj\u00edn. Nemali sme ve\u013ek\u00e9 o\u010dak\u00e1vania, ale aj tak sme d\u00fafali v\u00a0dobr\u00fd v\u00fdsledok. Ten sa podaril J\u00e1novi Furuczovi, ziskom striebornej medaily, ktor\u00fd v\u00a0discipl\u00edne TempO porazil dlhodob\u00fdch a\u0161pirantov na dobr\u00fd v\u00fdsledok a\u00a0len favorizovan\u00fd F\u00edn Antti Rusanen ho v\u00a0z\u00e1vere odsunul na druh\u00e9 miesto. S\u00a0Du\u0161anom Furuczom sme siahali aj po druhej medaile, ale nedostatok sk\u00fasenost\u00ed a\u00a0drobn\u00e1 fyzick\u00e1 indispoz\u00edcia, vy\u00fastili k\u00a0chyb\u00e1m z\u00a0nepozornosti, \u010doho v\u00fdsledkom bolo\u00a0klesnutie z\u00a0druh\u00e9ho na kone\u010dn\u00e9 \u0161estn\u00e1ste miesto.<\/p>\n<p>Tesne pred samostatn\u00fdmi MS sme v\u00a0r\u00e1mci pr\u00edpravy absolvovali pr\u00edpravn\u00e9 preteky, ktor\u00e9 boli s\u00fa\u010das\u0165ou Eur\u00f3pskeho poh\u00e1ra. Dosiahli sme tu pekn\u00e9 v\u00fdsledky a\u00a0zv\u00fd\u0161ili na\u0161u sebad\u00f4veru, ale v\u00a0bud\u00facnosti budeme musie\u0165 zv\u00e1\u017ei\u0165 vplyv ve\u013ek\u00e9ho mno\u017estva pretekov tesne pred vrcholn\u00fdmi pretekmi.<\/p>\n<p>Prv\u00fdm ofici\u00e1lnym pretekom na MS bola prv\u00e1 \u010das\u0165 PreO (s\u010d\u00edtavaj\u00fa sa v\u00fdsledky dvoch pretekov). Da\u017ediv\u00e9 po\u010dasie sp\u00f4sobilo, \u017ee tra\u0165 bola rozbahnen\u00e1 a\u00a0miestami to pripom\u00ednalo sk\u00f4r motokrosov\u00fa s\u00fa\u0165a\u017e ako preteky v\u00a0presnej orient\u00e1cii. Odmenou boli orienta\u010dne ve\u013emi n\u00e1ro\u010dn\u00e9 preteky, kde sa \u017eiadnemu pretek\u00e1rovi z\u00a0cel\u00e9ho \u0161tartovn\u00e9ho po\u013ea nepodarilo dosiahnu\u0165 pln\u00fd po\u010det bodov. Tu sa uk\u00e1zal ve\u013ek\u00fd vplyv tlaku okolia. Jano, ktor\u00fd sa predov\u0161etk\u00fdm zameriava na discipl\u00ednu PreO urobil 5 ch\u00fdb a\u00a0skon\u010dil a\u017e na 29. mieste, od Du\u0161ana sme neo\u010dak\u00e1vali v\u00a0tejto discipl\u00edne \u017eiadny v\u00fdrazn\u00fd v\u00fdsledok a\u00a0bez tlaku okolia len s\u00a0dvomi chybami bol op\u00e4\u0165 (ako minul\u00fd rok na MS v\u00a0Taliansku) po prvom dni ve\u013emi vysoko na tre\u0165om mieste. Silvia sa vytr\u00e1pila v\u00a0podstate nef\u00e9rov\u00fdmi podmienkami pre hendikepovan\u00fdch pretek\u00e1rov a\u00a0jej v\u00fdkon sta\u010dil na slu\u0161n\u00e9 34. miesto v\u00a0kateg\u00f3rii Para.<\/p>\n<p>Nasledovala kvalifik\u00e1cia v\u00a0discipl\u00edne TempO. Samotn\u00e1 kvalifik\u00e1cia tentokr\u00e1t nebola rozdelen\u00e1 na skupiny a\u00a0postupovalo 36 najlep\u0161\u00edch pretek\u00e1rov. Od Jana a\u00a0Du\u0161ana sa povinne o\u010dak\u00e1val postup a\u00a0od Silvie len ve\u013ek\u00e9 prekvapenie mohlo znamena\u0165 kvalifik\u00e1ciu. Predpoklady sa naplnili. Jano sa ve\u013emi dobr\u00fdm v\u00fdkonom kvalifikoval z\u00a09. miesta a\u00a0Du\u0161an s v\u00fdkonom na istotu zo 16. miesta. Silvia obsadila nepostupov\u00e9 77. miesto.<\/p>\n<p>Fin\u00e1le TempO sa \u0161tartovalo v\u00a0opa\u010dnom porad\u00ed. Du\u0161an nemal svoj de\u0148 v\u00a0jeho ob\u013e\u00fabenej discipl\u00edne a\u00a0po relat\u00edvne slu\u0161nom v\u00fdkone na 5. stanovisk\u00e1ch nezvl\u00e1dol posledn\u00e9 dve verejn\u00e9 stanovisk\u00e1 (\u010derstv\u00e1 novinka v\u00a0tejto sez\u00f3ne), kde a\u017e 5 ch\u00fdb ned\u00e1valo n\u00e1rok na dobr\u00fd v\u00fdsledok. Tentokr\u00e1t to sta\u010dilo len na 24. miesto. Jano podal excelentn\u00fd v\u00fdkon a\u00a0len s\u00a0dvoma chybami zasl\u00fa\u017eene z\u00edskal strieborn\u00fa medailu.<\/p>\n<p>Posledn\u00fdm ofici\u00e1lnym pretekom bola druh\u00e1 \u010das\u0165 PreO. Vzh\u013eadom k\u00a0v\u00fdsledkom prv\u00e9ho d\u0148a u\u017e na \u00faspech mohol pom\u00fd\u0161\u013ea\u0165 len Du\u0161an. Okrem Prv\u00e9ho Taliana Ceru s\u00a0jednou chybou, mal spolu s\u00a0\u010fal\u0161\u00edmi \u0161iestimi pretek\u00e1rmi len dve chyby. Relat\u00edvne jednoduch\u0161\u00ed ter\u00e9n (golfov\u00fd are\u00e1l) a\u00a0jeho najlep\u0161ie \u010dasov\u00e9 kontroly po prvom dni boli slu\u0161n\u00fdm predpokladom pre \u00faspech. Psychick\u00fd tlak, nedostatok sk\u00fasenost\u00ed a\u00a0drobn\u00e1 fyzick\u00e1 indispoz\u00edcia sa ale uk\u00e1zali ako k\u013e\u00fa\u010dov\u00e9, ke\u010f e\u0161te v\u00a0polovi\u010dke trate bol bezchybn\u00fd, ale v\u00a0z\u00e1vere urobil 3 chyby na naj\u013eah\u0161\u00edch kontrol\u00e1ch. V\u00a0tejto \u010dasti skon\u010dil 38.,\u00a0Jano 39. a Silvia na 33. mieste v\u00a0kateg\u00f3rii Para. V s\u00fa\u010dte za obidva dni Du\u0161an obsadil kone\u010dn\u00e9 16. miesto (historicky najlep\u0161\u00ed v\u00fdsledok Slovenska v\u00a0tejto discipl\u00edne) a\u00a0Jano skon\u010dil 34. mieste. Silvia v\u00a0kateg\u00f3rii Para skon\u010dila na slu\u0161nom 31. mieste.<\/p>\n<p>S\u00fa\u010das\u0165ou posledn\u00e9ho d\u0148a boli aj preteky dru\u017estiev kde sa r\u00e1tal v\u00fdsledok dvoch pretek\u00e1rov z\u00a0kateg\u00f3rie Open a\u00a0jedn\u00e9ho pretek\u00e1ra z kateg\u00f3rie Para. Silvia e\u0161te len zbiera sk\u00fasenosti a\u00a0tak sme na ve\u013emi dobr\u00fd v\u00fdsledok nemali v s\u00fa\u010dasnej konkurencii n\u00e1rok, pri\u010dom sme ho nepodporili ani na\u0161\u00edm v\u00fdsledkom v\u00a0kateg\u00f3rii Open. V\u00a0historicky kon\u010diacej s\u00fa\u0165a\u017ei dru\u017estiev sme obsadili 17. miesto. T\u00fato s\u00fa\u0165a\u017e od bud\u00faceho roku nahradia \u0161tafety, kde sa bud\u00fa kateg\u00f3rie Open a\u00a0Para preteka\u0165 zvl\u00e1\u0161\u0165.<\/p>\n<p>Trochu sme doplatili na prive\u013ek\u00fd tlak a\u00a0nedostatok sk\u00fasenost\u00ed, ale aj tak sa n\u00e1m podarilo prinies\u0165 medailu a s\u00a0v\u00fdh\u013eadom do bud\u00facich rokov je tu st\u00e1le ve\u013ek\u00fd potenci\u00e1l pre dobr\u00e9 v\u00fdsledky.<\/p>\n<p><strong>\u00a0<\/strong><\/p>\n<p><strong>Predpokladan\u00e9 ciele v r. 2015 \u2013 porovnanie so skuto\u010dnos\u0165ou<\/strong><\/p>\n<p>Ciele vzh\u013eadom k\u00a0prv\u00e9mu roku fungovania sekcie Presnej orient\u00e1cie e\u0161te neboli pre rok 2015 definovan\u00e9.<\/p>\n<p>&nbsp;<\/p>\n<p><strong>Reprezenta\u010dn\u00fd v\u00fdstroj, materi\u00e1lov\u00e9 zabezpe\u010denie, spr\u00e1va materi\u00e1lu:<\/strong><\/p>\n<p>Moment\u00e1lne nem\u00e1 reprezent\u00e1cia v\u00a0presnej orient\u00e1cii takmer \u017eiadne reprezenta\u010dn\u00e9 vybavenie. \u010ciasto\u010dne sa vyu\u017e\u00edvaj\u00fa star\u0161ie pou\u017eit\u00e9 verzie dresov a\u00a0overalov sekcie orienta\u010dn\u00e9ho behu (dnes u\u017e sekciou nepou\u017e\u00edvan\u00e9), ktor\u00e9 ale nie s\u00fa pou\u017eite\u013en\u00e9 pre v\u0161etk\u00fdch. Pre potreby MS bol vyroben\u00fd \u0161pecializovan\u00fd dres (iba vrch) v\u00a0jednom kuse pre pretek\u00e1ra.<\/p>\n<p>&nbsp;<\/p>\n<p><strong>In\u00e9:<\/strong><\/p>\n<p>Inform\u00e1cie, dokumenty a odkazy bud\u00fa postupne prib\u00fada\u0165 na str\u00e1nkach sekcie Presnej orient\u00e1cie <a href=\"http:\/\/trail.orienteering.sk\/\"><u>http:\/\/trail.orienteering.sk<\/u><\/a><\/p>\n<p>&nbsp;<\/p>\n<p>&nbsp;<\/p>\n<p>Vypracoval: Du\u0161an Furucz, reprezenta\u010dn\u00fd tr\u00e9ner PO<\/p>\n","protected":false},"excerpt":{"rendered":"<p>Reprezenta\u010dn\u00fd v\u00fdber SR v Presnej Orient\u00e1cii pre rok 2015 (RV): V\u00fdber A \u2013 nikto v\u00fdber B: Du\u0161an Furucz (FBA) \u2013 OPEN, J\u00e1n Furucz (FBA) \u2013 OPEN Sledovan\u00ed pretek\u00e1ri: Mari\u00e1n Miklu\u0161 (RBA) \u2013 OPEN, Silvia Petruchov\u00e1 (FBA) \u2013 PARA Realiza\u010dn\u00fd t\u00edm:&hellip;<\/p>\n<p class=\"more-link-p\"><a class=\"more-link\" href=\"http:\/\/trail.orienteering.sk\/?p=1431\">Read more &rarr;<\/a><\/p>\n","protected":false},"author":2,"featured_media":0,"comment_status":"open","ping_status":"open","sticky":false,"template":"","format":"standard","meta":{"footnotes":""},"categories":[10,41],"tags":[],"class_list":["post-1431","post","type-post","status-publish","format-standard","hentry","category-po","category-reprezentacia"],"_links":{"self":[{"href":"http:\/\/trail.orienteering.sk\/index.php?rest_route=\/wp\/v2\/posts\/1431","targetHints":{"allow":["GET"]}}],"collection":[{"href":"http:\/\/trail.orienteering.sk\/index.php?rest_route=\/wp\/v2\/posts"}],"about":[{"href":"http:\/\/trail.orienteering.sk\/index.php?rest_route=\/wp\/v2\/types\/post"}],"author":[{"embeddable":true,"href":"http:\/\/trail.orienteering.sk\/index.php?rest_route=\/wp\/v2\/users\/2"}],"replies":[{"embeddable":true,"href":"http:\/\/trail.orienteering.sk\/index.php?rest_route=%2Fwp%2Fv2%2Fcomments&post=1431"}],"version-history":[{"count":0,"href":"http:\/\/trail.orienteering.sk\/index.php?rest_route=\/wp\/v2\/posts\/1431\/revisions"}],"wp:attachment":[{"href":"http:\/\/trail.orienteering.sk\/index.php?rest_route=%2Fwp%2Fv2%2Fmedia&parent=1431"}],"wp:term":[{"taxonomy":"category","embeddable":true,"href":"http:\/\/trail.orienteering.sk\/index.php?rest_route=%2Fwp%2Fv2%2Fcategories&post=1431"},{"taxonomy":"post_tag","embeddable":true,"href":"http:\/\/trail.orienteering.sk\/index.php?rest_route=%2Fwp%2Fv2%2Ftags&post=1431"}],"curies":[{"name":"wp","href":"https:\/\/api.w.org\/{rel}","templated":true}]}}