{"id":1392,"date":"2015-09-26T19:37:27","date_gmt":"2015-09-26T18:37:27","guid":{"rendered":"http:\/\/trail.orienteering.sk\/?p=1392"},"modified":"2016-01-31T00:35:52","modified_gmt":"2016-01-30T23:35:52","slug":"prvy-rok-oficialnej-sekcie-po-je-skoro-za-nami","status":"publish","type":"post","link":"http:\/\/trail.orienteering.sk\/?p=1392","title":{"rendered":"Prv\u00fd rok ofici\u00e1lnej sekcie PO je skoro za nami &#8230;"},"content":{"rendered":"<p>E\u0161te je mo\u017eno skoro bilancova\u0165 prv\u00fd ofici\u00e1lny rok\u00a0sekcie presnej orient\u00e1cie, ale mo\u017eno sa predsa len o to tro\u0161ku\u00a0pok\u00fasim. Usporiadali sme prv\u00e9 ofici\u00e1lne Majstrovstv\u00e1 Slovenska v PreO aj v TempO. Ve\u013emi n\u00e1s pote\u0161ili stupne v\u00ed\u0165azov v kateg\u00f3rii TempO, ke\u010f ich naplno obsadili mlad\u00ed pretek\u00e1ri. U\u017e naozaj ofici\u00e1lne sme sa z\u00fa\u010dastnili Majstrovstiev sveta v Chorv\u00e1tsku a podaril sa n\u00e1m mal\u00fd z\u00e1zrak, ke\u010f sme si odtia\u013e priniesli strieborn\u00fa medailu z discipl\u00edny TempO. Na\u0161e \u00fasilie naber\u00e1 jasnej\u0161ie kont\u00fary a prejavuje sa aj mimo Slovenska. Od septembra\u00a0m\u00e1me na Slovensku aj trailov\u00e9ho IOF event advisora. Stal sa n\u00edm\u00a0Du\u0161an Furucz. Bud\u00faci rok v druhej polovi\u010dke m\u00e1ja n\u00e1m bolo schv\u00e1len\u00e9 usporiadavanie 2 k\u00f4l neofici\u00e1lneho Eur\u00f3pskeho trailov\u00e9ho poh\u00e1ra (ECTO 2016). Tie\u017e ve\u013emi v\u00e1\u017ene uva\u017eujeme o prihl\u00e1\u0161ke na usporiadavanie Majstrovstiev Eur\u00f3py v roku 2018 (ETOC 2018). \u010ealej by sme radi\u00a0prostredn\u00edctvom \u010fal\u0161ieho \u010dlena (Silvia Petruchov\u00e1)\u00a0nadviazali kontakt s paralympijsk\u00fdm v\u00fdborom a viac sa dostali do povedomia hendikepovan\u00fdch \u0161portovcov. Bud\u00face roky bud\u00fa naozaj ve\u013emi n\u00e1ro\u010dn\u00e9, pr\u00e1ce\u00a0bude dostatok, ale my pevne ver\u00edme, \u017ee sa na\u0161e rady bud\u00fa po tro\u0161ke\u00a0rozrasta\u0165.<\/p>\n","protected":false},"excerpt":{"rendered":"<p>E\u0161te je mo\u017eno skoro bilancova\u0165 prv\u00fd ofici\u00e1lny rok\u00a0sekcie presnej orient\u00e1cie, ale mo\u017eno sa predsa len o to tro\u0161ku\u00a0pok\u00fasim. Usporiadali sme prv\u00e9 ofici\u00e1lne Majstrovstv\u00e1 Slovenska v PreO aj v TempO. Ve\u013emi n\u00e1s pote\u0161ili stupne v\u00ed\u0165azov v kateg\u00f3rii TempO, ke\u010f ich naplno&hellip;<\/p>\n<p class=\"more-link-p\"><a class=\"more-link\" href=\"http:\/\/trail.orienteering.sk\/?p=1392\">Read more &rarr;<\/a><\/p>\n","protected":false},"author":1,"featured_media":0,"comment_status":"open","ping_status":"open","sticky":false,"template":"","format":"standard","meta":{"footnotes":""},"categories":[10],"tags":[],"class_list":["post-1392","post","type-post","status-publish","format-standard","hentry","category-po"],"_links":{"self":[{"href":"http:\/\/trail.orienteering.sk\/index.php?rest_route=\/wp\/v2\/posts\/1392","targetHints":{"allow":["GET"]}}],"collection":[{"href":"http:\/\/trail.orienteering.sk\/index.php?rest_route=\/wp\/v2\/posts"}],"about":[{"href":"http:\/\/trail.orienteering.sk\/index.php?rest_route=\/wp\/v2\/types\/post"}],"author":[{"embeddable":true,"href":"http:\/\/trail.orienteering.sk\/index.php?rest_route=\/wp\/v2\/users\/1"}],"replies":[{"embeddable":true,"href":"http:\/\/trail.orienteering.sk\/index.php?rest_route=%2Fwp%2Fv2%2Fcomments&post=1392"}],"version-history":[{"count":0,"href":"http:\/\/trail.orienteering.sk\/index.php?rest_route=\/wp\/v2\/posts\/1392\/revisions"}],"wp:attachment":[{"href":"http:\/\/trail.orienteering.sk\/index.php?rest_route=%2Fwp%2Fv2%2Fmedia&parent=1392"}],"wp:term":[{"taxonomy":"category","embeddable":true,"href":"http:\/\/trail.orienteering.sk\/index.php?rest_route=%2Fwp%2Fv2%2Fcategories&post=1392"},{"taxonomy":"post_tag","embeddable":true,"href":"http:\/\/trail.orienteering.sk\/index.php?rest_route=%2Fwp%2Fv2%2Ftags&post=1392"}],"curies":[{"name":"wp","href":"https:\/\/api.w.org\/{rel}","templated":true}]}}